{"id":17912,"date":"2025-03-25T10:12:57","date_gmt":"2025-03-25T09:12:57","guid":{"rendered":"https:\/\/www.gugler.com\/?post_type=news&#038;p=17912"},"modified":"2025-08-11T11:32:39","modified_gmt":"2025-08-11T09:32:39","slug":"bu-bahar-uc-onemli-etkinlik-gerceklesecek","status":"publish","type":"news","link":"https:\/\/www.gugler.com\/tr\/news\/bu-bahar-uc-onemli-etkinlik-gerceklesecek\/","title":{"rendered":"Bu Bahar \u00dc\u00e7 \u00d6nemli Etkinlik Ger\u00e7ekle\u015fecek"},"content":{"rendered":"\t\t<div data-elementor-type=\"wp-post\" data-elementor-id=\"17912\" class=\"elementor elementor-17912 elementor-16535\" data-elementor-post-type=\"news\">\n\t\t\t\t<div class=\"elementor-element elementor-element-9abdcc5 e-flex e-con-boxed e-con e-parent\" data-id=\"9abdcc5\" data-element_type=\"container\" data-e-type=\"container\">\n\t\t\t\t\t<div class=\"e-con-inner\">\n\t\t<div class=\"elementor-element elementor-element-29f0a73 e-con-full e-flex e-con e-child\" data-id=\"29f0a73\" data-element_type=\"container\" data-e-type=\"container\">\n\t\t\t\t<div class=\"elementor-element elementor-element-2a971b6 elementor-widget elementor-widget-text-editor\" data-id=\"2a971b6\" data-element_type=\"widget\" data-e-type=\"widget\" data-widget_type=\"text-editor.default\">\n\t\t\t\t<div class=\"elementor-widget-container\">\n\t\t\t\t\t\t\t\t\t<p>Bu Nisan ay\u0131nda GUGLER olarak, yenilik\u00e7i hidroelektrik \u00e7\u00f6z\u00fcmlerimizi sergilemek ve temiz enerji sekt\u00f6r uzmanlar\u0131yla ileti\u015fim kurmak i\u00e7in \u00f6nde gelen \u00fc\u00e7 uluslararas\u0131 enerji etkinli\u011fine kat\u0131laca\u011f\u0131z. Norve\u00e7, Kazakistan ve K\u0131rg\u0131zistan&#8217;da d\u00fczenlenecek konferanslarda ekiplerimiz i\u00e7g\u00f6r\u00fclerini payla\u015fmak, yeni ortakl\u0131klar kurmak ve s\u00fcrd\u00fcr\u00fclebilir enerji \u00fcretiminde ger\u00e7ek ilerlemeye katk\u0131da bulunmak i\u00e7in sab\u0131rs\u0131zlan\u0131yor.<\/p><p>Bu etkinlikler yaln\u0131zca teknolojilerimizi sunmak i\u00e7in de\u011fil, ayn\u0131 zamanda k\u00fcresel hidroelektrik toplulu\u011fuyla birlikte dinlemek, \u00f6\u011frenmek ve b\u00fcy\u00fcmek i\u00e7in bir f\u0131rsat. \u0130ster yerel uygulamaya ister uluslararas\u0131 i\u015fbirli\u011fine odaklan\u0131n, sizinle tan\u0131\u015fmay\u0131 d\u00f6rt g\u00f6zle bekliyoruz.<\/p>\t\t\t\t\t\t\t\t<\/div>\n\t\t\t\t<\/div>\n\t\t\t\t<\/div>\n\t\t\t\t<div class=\"elementor-element elementor-element-6b6bef3 elementor-widget elementor-widget-image\" data-id=\"6b6bef3\" data-element_type=\"widget\" data-e-type=\"widget\" data-widget_type=\"image.default\">\n\t\t\t\t<div class=\"elementor-widget-container\">\n\t\t\t\t\t\t\t\t\t\t\t\t\t\t\t<img fetchpriority=\"high\" decoding=\"async\" width=\"834\" height=\"1024\" src=\"https:\/\/www.gugler.com\/wp-content\/uploads\/2025\/03\/20241119_101427372_iOS-Kopie-1-scaled-e1754904569315-834x1024.jpg\" class=\"attachment-large size-large wp-image-16552\" alt=\"\" srcset=\"https:\/\/www.gugler.com\/wp-content\/uploads\/2025\/03\/20241119_101427372_iOS-Kopie-1-scaled-e1754904569315-834x1024.jpg 834w, https:\/\/www.gugler.com\/wp-content\/uploads\/2025\/03\/20241119_101427372_iOS-Kopie-1-scaled-e1754904569315-244x300.jpg 244w, https:\/\/www.gugler.com\/wp-content\/uploads\/2025\/03\/20241119_101427372_iOS-Kopie-1-scaled-e1754904569315-977x1200.jpg 977w, https:\/\/www.gugler.com\/wp-content\/uploads\/2025\/03\/20241119_101427372_iOS-Kopie-1-scaled-e1754904569315.webp 1106w\" sizes=\"(max-width: 834px) 100vw, 834px\" \/>\t\t\t\t\t\t\t\t\t\t\t\t\t\t\t<\/div>\n\t\t\t\t<\/div>\n\t\t\t\t\t<\/div>\n\t\t\t\t<\/div>\n\t\t<div class=\"elementor-element elementor-element-90be16f e-flex e-con-boxed e-con e-parent\" data-id=\"90be16f\" data-element_type=\"container\" data-e-type=\"container\">\n\t\t\t\t\t<div class=\"e-con-inner\">\n\t\t\t\t<div class=\"elementor-element elementor-element-f2316d5 elementor-widget elementor-widget-text-editor\" data-id=\"f2316d5\" data-element_type=\"widget\" data-e-type=\"widget\" data-widget_type=\"text-editor.default\">\n\t\t\t\t<div class=\"elementor-widget-container\">\n\t\t\t\t\t\t\t\t\t<h4 style=\"text-align: center;\"><strong>Sm\u00e5kraftdagane 2025 \u2013\u00a0<\/strong><strong>Bergen, Norve\u00e7 (Mart 31 \u2013 Nisan 2)<br \/>Stand 52 &amp; 53 IKM Elektro ile birlikte<\/strong><\/h4><p>Yolculu\u011fumuz \u0130skandinavya&#8217;da, k\u00fc\u00e7\u00fck \u00f6l\u00e7ekli hidroelektrik sekt\u00f6r\u00fcn\u00fcn \u00f6nde gelen etkinli\u011fi Sm\u00e5kraftdagane 2025&#8217;te ba\u015fl\u0131yor. Bergen&#8217;de d\u00fczenlenen bu \u00fc\u00e7 g\u00fcnl\u00fck toplant\u0131, Norve\u00e7 ve \u0130skandinav pazarlar\u0131ndaki T\u00fcrbin geli\u015ftiricileri, tedarik\u00e7iler ve enerji profesyonelleri i\u00e7in \u00f6nemli bir bulu\u015fma noktas\u0131d\u0131r.<\/p><p>Yenilik\u00e7i k\u00fc\u00e7\u00fck \u00f6l\u00e7ekli hidroelektrik teknolojisindeki uzmanl\u0131\u011f\u0131m\u0131z\u0131 payla\u015fmak ve ba\u011flant\u0131 kurmak i\u00e7in sahada olaca\u011f\u0131z.<\/p><p>\u00a0<\/p>\t\t\t\t\t\t\t\t<\/div>\n\t\t\t\t<\/div>\n\t\t\t\t\t<\/div>\n\t\t\t\t<\/div>\n\t\t<div class=\"elementor-element elementor-element-2166ecb e-grid e-con-boxed e-con e-parent\" data-id=\"2166ecb\" data-element_type=\"container\" data-e-type=\"container\">\n\t\t\t\t\t<div class=\"e-con-inner\">\n\t\t\t\t<div class=\"elementor-element elementor-element-bee7f42 elementor-widget elementor-widget-google_maps\" data-id=\"bee7f42\" data-element_type=\"widget\" data-e-type=\"widget\" data-widget_type=\"google_maps.default\">\n\t\t\t\t<div class=\"elementor-widget-container\">\n\t\t\t\t\t\t\t<div class=\"elementor-custom-embed\">\n\t\t\t<iframe loading=\"lazy\"\n\t\t\t\t\tsrc=\"https:\/\/maps.google.com\/maps?q=Quality%20Hotel%20Edvard%20Grieg&#038;t=m&#038;z=11&#038;output=embed&#038;iwloc=near\"\n\t\t\t\t\ttitle=\"Quality Hotel Edvard Grieg\"\n\t\t\t\t\taria-label=\"Quality Hotel Edvard Grieg\"\n\t\t\t><\/iframe>\n\t\t<\/div>\n\t\t\t\t\t\t<\/div>\n\t\t\t\t<\/div>\n\t\t\t\t<div class=\"elementor-element elementor-element-4ba8b52 elementor-widget elementor-widget-image\" data-id=\"4ba8b52\" data-element_type=\"widget\" data-e-type=\"widget\" data-widget_type=\"image.default\">\n\t\t\t\t<div class=\"elementor-widget-container\">\n\t\t\t\t\t\t\t\t\t\t\t\t\t\t\t\t<a href=\"https:\/\/www.smakraftforeninga.no\/utstillarinfo-2025\/\">\n\t\t\t\t\t\t\t<img decoding=\"async\" width=\"286\" height=\"300\" src=\"https:\/\/www.gugler.com\/wp-content\/uploads\/2025\/03\/Screenshot-2025-03-26-091706.webp\" class=\"attachment-medium size-medium wp-image-16572\" alt=\"\" \/>\t\t\t\t\t\t\t\t<\/a>\n\t\t\t\t\t\t\t\t\t\t\t\t\t\t\t<\/div>\n\t\t\t\t<\/div>\n\t\t\t\t\t<\/div>\n\t\t\t\t<\/div>\n\t\t<div class=\"elementor-element elementor-element-6743182 e-flex e-con-boxed e-con e-parent\" data-id=\"6743182\" data-element_type=\"container\" data-e-type=\"container\">\n\t\t\t\t\t<div class=\"e-con-inner\">\n\t\t\t\t<div class=\"elementor-element elementor-element-a181370 elementor-widget elementor-widget-spacer\" data-id=\"a181370\" data-element_type=\"widget\" data-e-type=\"widget\" data-widget_type=\"spacer.default\">\n\t\t\t\t<div class=\"elementor-widget-container\">\n\t\t\t\t\t\t\t<div class=\"elementor-spacer\">\n\t\t\t<div class=\"elementor-spacer-inner\"><\/div>\n\t\t<\/div>\n\t\t\t\t\t\t<\/div>\n\t\t\t\t<\/div>\n\t\t\t\t\t<\/div>\n\t\t\t\t<\/div>\n\t\t<div class=\"elementor-element elementor-element-c3c2492 e-flex e-con-boxed e-con e-parent\" data-id=\"c3c2492\" data-element_type=\"container\" data-e-type=\"container\">\n\t\t\t\t\t<div class=\"e-con-inner\">\n\t\t\t\t<div class=\"elementor-element elementor-element-0df07a1 elementor-widget elementor-widget-text-editor\" data-id=\"0df07a1\" data-element_type=\"widget\" data-e-type=\"widget\" data-widget_type=\"text-editor.default\">\n\t\t\t\t<div class=\"elementor-widget-container\">\n\t\t\t\t\t\t\t\t\t<h4 style=\"text-align: center;\"><strong>PowerTech Expo 2025 \u2013 <\/strong><strong>Almaty, Kazakistan (Nisan 2\u20134)<br \/>Pavilion 11, Stand 1009<\/strong><\/h4><p style=\"text-align: left;\">E\u015f zamanl\u0131 olarak GUGLER, Orta Asya&#8217;n\u0131n enerji ve s\u00fcrd\u00fcr\u00fclebilirlik odakl\u0131 en \u00f6nemli etkinliklerinden biri olan PowerTech Expo 2025&#8217;e kat\u0131lacak. Almat\u0131&#8217;da d\u00fczenlenen bu fuar, k\u00fcresel \u015firketleri, d\u00fc\u015f\u00fcnce liderlerini ve yerel y\u00f6neticileri enerji inovasyonu ve karbonsuzla\u015ft\u0131rmada bir sonraki ad\u0131mlar\u0131 ke\u015ffetmek i\u00e7in bir araya getiriyor.<\/p><div id=\"simple-translate\" class=\"simple-translate-system-theme\"><div><div class=\"simple-translate-button isShow\" style=\"background-image: url('chrome-extension:\/\/cllnohpbfenopiakdcjmjcbaeapmkcdl\/icons\/512.png'); height: 22px; width: 22px; top: 166px; left: 78px;\">\u00a0<\/div><div class=\"simple-translate-panel \" style=\"width: 300px; height: 200px; top: 0px; left: 0px; font-size: 13px;\"><div class=\"simple-translate-result-wrapper\" style=\"overflow: hidden;\"><div class=\"simple-translate-move\" draggable=\"true\">\u00a0<\/div><div class=\"simple-translate-result-contents\"><p class=\"simple-translate-result\" dir=\"auto\">\u00a0<\/p><p class=\"simple-translate-candidate\" dir=\"auto\">\u00a0<\/p><\/div><\/div><\/div><\/div><\/div>\t\t\t\t\t\t\t\t<\/div>\n\t\t\t\t<\/div>\n\t\t\t\t\t<\/div>\n\t\t\t\t<\/div>\n\t\t<div class=\"elementor-element elementor-element-daf703a e-grid e-con-boxed e-con e-parent\" data-id=\"daf703a\" data-element_type=\"container\" data-e-type=\"container\">\n\t\t\t\t\t<div class=\"e-con-inner\">\n\t\t\t\t<div class=\"elementor-element elementor-element-785ddaa elementor-widget elementor-widget-google_maps\" data-id=\"785ddaa\" data-element_type=\"widget\" data-e-type=\"widget\" data-widget_type=\"google_maps.default\">\n\t\t\t\t<div class=\"elementor-widget-container\">\n\t\t\t\t\t\t\t<div class=\"elementor-custom-embed\">\n\t\t\t<iframe loading=\"lazy\"\n\t\t\t\t\tsrc=\"https:\/\/maps.google.com\/maps?q=Atakent%20Exhibition%20Center&#038;t=m&#038;z=13&#038;output=embed&#038;iwloc=near\"\n\t\t\t\t\ttitle=\"Atakent Exhibition Center\"\n\t\t\t\t\taria-label=\"Atakent Exhibition Center\"\n\t\t\t><\/iframe>\n\t\t<\/div>\n\t\t\t\t\t\t<\/div>\n\t\t\t\t<\/div>\n\t\t\t\t<div class=\"elementor-element elementor-element-b374d34 elementor-widget elementor-widget-text-editor\" data-id=\"b374d34\" data-element_type=\"widget\" data-e-type=\"widget\" data-widget_type=\"text-editor.default\">\n\t\t\t\t<div class=\"elementor-widget-container\">\n\t\t\t\t\t\t\t\t\t<p><img decoding=\"async\" class=\"aligncenter\" src=\"https:\/\/expofp.com\/venue-image\/atakent-international-exhibition-centre\/powertech-expo-april-2025.jpg\" alt=\"Powertech Expo 2025 3D floor plan\" \/><br \/><a href=\"https:\/\/expofp.com\/\">Floor plan by ExpoFP.com<\/a><\/p>\t\t\t\t\t\t\t\t<\/div>\n\t\t\t\t<\/div>\n\t\t\t\t\t<\/div>\n\t\t\t\t<\/div>\n\t\t<div class=\"elementor-element elementor-element-37115ee e-flex e-con-boxed e-con e-parent\" data-id=\"37115ee\" data-element_type=\"container\" data-e-type=\"container\">\n\t\t\t\t\t<div class=\"e-con-inner\">\n\t\t\t\t<div class=\"elementor-element elementor-element-34ce7f0 elementor-widget elementor-widget-spacer\" data-id=\"34ce7f0\" data-element_type=\"widget\" data-e-type=\"widget\" data-widget_type=\"spacer.default\">\n\t\t\t\t<div class=\"elementor-widget-container\">\n\t\t\t\t\t\t\t<div class=\"elementor-spacer\">\n\t\t\t<div class=\"elementor-spacer-inner\"><\/div>\n\t\t<\/div>\n\t\t\t\t\t\t<\/div>\n\t\t\t\t<\/div>\n\t\t\t\t\t<\/div>\n\t\t\t\t<\/div>\n\t\t<div class=\"elementor-element elementor-element-b418cab e-grid e-con-boxed e-con e-parent\" data-id=\"b418cab\" data-element_type=\"container\" data-e-type=\"container\" data-settings=\"{&quot;background_background&quot;:&quot;classic&quot;}\">\n\t\t\t\t\t<div class=\"e-con-inner\">\n\t\t\t\t<div class=\"elementor-element elementor-element-70bbf17 elementor-widget elementor-widget-text-editor\" data-id=\"70bbf17\" data-element_type=\"widget\" data-e-type=\"widget\" data-widget_type=\"text-editor.default\">\n\t\t\t\t<div class=\"elementor-widget-container\">\n\t\t\t\t\t\t\t\t\t<h4 style=\"text-align: center;\"><strong>Hydropower Central Asia &amp; Caspian 2025 \u2013 Biskek, K\u0131rg\u0131zistan<br \/>(April 9\u201310)<\/strong><\/h4><p>Bahar program\u0131m\u0131z\u0131 tamamlarken, 9. Y\u0131ll\u0131k Uluslararas\u0131 Kongre ve Sergisi&#8217;ni ziyaret edece\u011fiz: Vostock Capital UK taraf\u0131ndan Bi\u015fkek&#8217;te d\u00fczenlenen Hydropower Central Asia &amp; Caspian 2025 kongresini ziyaret edece\u011fiz. Her y\u0131l d\u00fczenlenen bu etkinlik, Orta Asya ve Hazar b\u00f6lgesindeki hidroelektrik sekt\u00f6r\u00fcn\u00fcn kilit oyuncular\u0131n\u0131 bir araya getirerek kalk\u0131nma stratejileri, teknolojileri ve ortakl\u0131klar\u0131 tart\u0131\u015f\u0131yor.<\/p><p><strong>Kazakistan ve K\u0131rg\u0131zistan&#8217;daki her iki etkinli\u011fe de Rus\u00e7a konu\u015fan uzman\u0131m\u0131z kat\u0131lacak ve \u00e7\u00f6z\u00fcmlerimizi sunmak ve b\u00f6lgedeki ortaklarla ba\u011flant\u0131 kurmak i\u00e7in yerinde haz\u0131r bulunacak.<\/strong><\/p>\t\t\t\t\t\t\t\t<\/div>\n\t\t\t\t<\/div>\n\t\t\t\t<div class=\"elementor-element elementor-element-68b34c1 elementor-widget elementor-widget-google_maps\" data-id=\"68b34c1\" data-element_type=\"widget\" data-e-type=\"widget\" data-widget_type=\"google_maps.default\">\n\t\t\t\t<div class=\"elementor-widget-container\">\n\t\t\t\t\t\t\t<div class=\"elementor-custom-embed\">\n\t\t\t<iframe loading=\"lazy\"\n\t\t\t\t\tsrc=\"https:\/\/maps.google.com\/maps?q=148B%2C%20Kievskaya%20Str%2C%20Bishkek%2C%20Kyrgyzstan&#038;t=m&#038;z=11&#038;output=embed&#038;iwloc=near\"\n\t\t\t\t\ttitle=\"148B, Kievskaya Str, Bishkek, Kyrgyzstan\"\n\t\t\t\t\taria-label=\"148B, Kievskaya Str, Bishkek, Kyrgyzstan\"\n\t\t\t><\/iframe>\n\t\t<\/div>\n\t\t\t\t\t\t<\/div>\n\t\t\t\t<\/div>\n\t\t\t\t\t<\/div>\n\t\t\t\t<\/div>\n\t\t<div class=\"elementor-element elementor-element-2a8ff12 e-flex e-con-boxed e-con e-parent\" data-id=\"2a8ff12\" data-element_type=\"container\" data-e-type=\"container\">\n\t\t\t\t\t<div class=\"e-con-inner\">\n\t\t\t\t<div class=\"elementor-element elementor-element-51017e9 elementor-widget elementor-widget-spacer\" data-id=\"51017e9\" data-element_type=\"widget\" data-e-type=\"widget\" data-widget_type=\"spacer.default\">\n\t\t\t\t<div class=\"elementor-widget-container\">\n\t\t\t\t\t\t\t<div class=\"elementor-spacer\">\n\t\t\t<div class=\"elementor-spacer-inner\"><\/div>\n\t\t<\/div>\n\t\t\t\t\t\t<\/div>\n\t\t\t\t<\/div>\n\t\t\t\t\t<\/div>\n\t\t\t\t<\/div>\n\t\t<div class=\"elementor-element elementor-element-c6282ef e-flex e-con-boxed e-con e-parent\" data-id=\"c6282ef\" data-element_type=\"container\" data-e-type=\"container\">\n\t\t\t\t\t<div class=\"e-con-inner\">\n\t\t\t\t<div class=\"elementor-element elementor-element-0e45883 elementor-widget elementor-widget-text-editor\" data-id=\"0e45883\" data-element_type=\"widget\" data-e-type=\"widget\" data-widget_type=\"text-editor.default\">\n\t\t\t\t<div class=\"elementor-widget-container\">\n\t\t\t\t\t\t\t\t\t<p><span lang=\"EN-US\">(Mart 2025)<\/span><\/p><h4>\u00a0<\/h4><p><strong>GUGLER Water Turbines GmbH Hakk\u0131nda:<\/strong><\/p><p>GUGLER Su T\u00fcrbinleri GmbH, k\u00fc\u00e7\u00fck ve orta \u00f6l\u00e7ekli hidroelektrik santralleri i\u00e7in \u00fcnite ba\u015f\u0131na 40 MW\u2019a kadar her t\u00fcrl\u00fc Francis, Kaplan ve Pelton t\u00fcrbinini ve ilgili elektro-mekanik ekipman\u0131 tedarik eden, en son teknolojiye sahip t\u00fcrbin teknolojisinin lider tedarik\u00e7isidir.<\/p><p>GUGLER Su T\u00fcrbinleri GmbH ayr\u0131ca k\u00fcresel bazda mikro t\u00fcrbinler, konteyner t\u00fcrbinleri, sifon t\u00fcrbinleri, kap\u0131 t\u00fcrbinleri, i\u00e7me ve deniz suyu uygulamalar\u0131na y\u00f6nelik t\u00fcrbinler gibi \u00f6zel t\u00fcrbinler de tedarik etmektedir.<\/p>\t\t\t\t\t\t\t\t<\/div>\n\t\t\t\t<\/div>\n\t\t\t\t\t<\/div>\n\t\t\t\t<\/div>\n\t\t\t\t<\/div>\n\t\t","protected":false},"template":"","categories":[94],"class_list":["post-17912","news","type-news","status-publish","has-post-thumbnail","hentry","category-website-tr"],"acf":[],"yoast_head":"<!-- This site is optimized with the Yoast SEO plugin v27.4 - https:\/\/yoast.com\/product\/yoast-seo-wordpress\/ -->\n<title>Bu Bahar \u00dc\u00e7 \u00d6nemli Etkinlik Ger\u00e7ekle\u015fecek - Gugler Water Turbines<\/title>\n<meta name=\"robots\" content=\"index, follow, max-snippet:-1, max-image-preview:large, max-video-preview:-1\" \/>\n<link rel=\"canonical\" href=\"https:\/\/www.gugler.com\/tr\/news\/bu-bahar-uc-onemli-etkinlik-gerceklesecek\/\" \/>\n<meta property=\"og:locale\" content=\"tr_TR\" \/>\n<meta property=\"og:type\" content=\"article\" \/>\n<meta property=\"og:title\" content=\"Bu Bahar \u00dc\u00e7 \u00d6nemli Etkinlik Ger\u00e7ekle\u015fecek - Gugler Water Turbines\" \/>\n<meta property=\"og:description\" content=\"Bu Nisan ay\u0131nda GUGLER olarak, yenilik\u00e7i hidroelektrik \u00e7\u00f6z\u00fcmlerimizi sergilemek ve temiz enerji sekt\u00f6r uzmanlar\u0131yla ileti\u015fim kurmak i\u00e7in \u00f6nde gelen \u00fc\u00e7 uluslararas\u0131 enerji etkinli\u011fine kat\u0131laca\u011f\u0131z. Norve\u00e7, Kazakistan ve K\u0131rg\u0131zistan&#8217;da d\u00fczenlenecek konferanslarda ekiplerimiz i\u00e7g\u00f6r\u00fclerini payla\u015fmak, yeni ortakl\u0131klar kurmak ve s\u00fcrd\u00fcr\u00fclebilir enerji \u00fcretiminde ger\u00e7ek ilerlemeye katk\u0131da bulunmak i\u00e7in sab\u0131rs\u0131zlan\u0131yor. Bu etkinlikler yaln\u0131zca teknolojilerimizi sunmak i\u00e7in de\u011fil, ayn\u0131 zamanda [&hellip;]\" \/>\n<meta property=\"og:url\" content=\"https:\/\/www.gugler.com\/tr\/news\/bu-bahar-uc-onemli-etkinlik-gerceklesecek\/\" \/>\n<meta property=\"og:site_name\" content=\"Gugler Water Turbines\" \/>\n<meta property=\"article:modified_time\" content=\"2025-08-11T09:32:39+00:00\" \/>\n<meta property=\"og:image\" content=\"https:\/\/www.gugler.com\/wp-content\/uploads\/2025\/03\/20241119_101427372_iOS-Kopie-1-scaled-e1754904569315.webp\" \/>\n\t<meta property=\"og:image:width\" content=\"1106\" \/>\n\t<meta property=\"og:image:height\" content=\"1358\" \/>\n\t<meta property=\"og:image:type\" content=\"image\/jpeg\" \/>\n<meta name=\"twitter:card\" content=\"summary_large_image\" \/>\n<meta name=\"twitter:label1\" content=\"Est. reading time\" \/>\n\t<meta name=\"twitter:data1\" content=\"3 minutes\" \/>\n<script type=\"application\/ld+json\" class=\"yoast-schema-graph\">{\"@context\":\"https:\\\/\\\/schema.org\",\"@graph\":[{\"@type\":\"WebPage\",\"@id\":\"https:\\\/\\\/www.gugler.com\\\/tr\\\/news\\\/bu-bahar-uc-onemli-etkinlik-gerceklesecek\\\/\",\"url\":\"https:\\\/\\\/www.gugler.com\\\/tr\\\/news\\\/bu-bahar-uc-onemli-etkinlik-gerceklesecek\\\/\",\"name\":\"Bu Bahar \u00dc\u00e7 \u00d6nemli Etkinlik Ger\u00e7ekle\u015fecek - Gugler Water Turbines\",\"isPartOf\":{\"@id\":\"https:\\\/\\\/www.gugler.com\\\/#website\"},\"primaryImageOfPage\":{\"@id\":\"https:\\\/\\\/www.gugler.com\\\/tr\\\/news\\\/bu-bahar-uc-onemli-etkinlik-gerceklesecek\\\/#primaryimage\"},\"image\":{\"@id\":\"https:\\\/\\\/www.gugler.com\\\/tr\\\/news\\\/bu-bahar-uc-onemli-etkinlik-gerceklesecek\\\/#primaryimage\"},\"thumbnailUrl\":\"https:\\\/\\\/www.gugler.com\\\/wp-content\\\/uploads\\\/2025\\\/03\\\/20241119_101427372_iOS-Kopie-1-scaled-e1754904569315.webp\",\"datePublished\":\"2025-03-25T09:12:57+00:00\",\"dateModified\":\"2025-08-11T09:32:39+00:00\",\"breadcrumb\":{\"@id\":\"https:\\\/\\\/www.gugler.com\\\/tr\\\/news\\\/bu-bahar-uc-onemli-etkinlik-gerceklesecek\\\/#breadcrumb\"},\"inLanguage\":\"tr\",\"potentialAction\":[{\"@type\":\"ReadAction\",\"target\":[\"https:\\\/\\\/www.gugler.com\\\/tr\\\/news\\\/bu-bahar-uc-onemli-etkinlik-gerceklesecek\\\/\"]}]},{\"@type\":\"ImageObject\",\"inLanguage\":\"tr\",\"@id\":\"https:\\\/\\\/www.gugler.com\\\/tr\\\/news\\\/bu-bahar-uc-onemli-etkinlik-gerceklesecek\\\/#primaryimage\",\"url\":\"https:\\\/\\\/www.gugler.com\\\/wp-content\\\/uploads\\\/2025\\\/03\\\/20241119_101427372_iOS-Kopie-1-scaled-e1754904569315.webp\",\"contentUrl\":\"https:\\\/\\\/www.gugler.com\\\/wp-content\\\/uploads\\\/2025\\\/03\\\/20241119_101427372_iOS-Kopie-1-scaled-e1754904569315.webp\",\"width\":1106,\"height\":1358},{\"@type\":\"BreadcrumbList\",\"@id\":\"https:\\\/\\\/www.gugler.com\\\/tr\\\/news\\\/bu-bahar-uc-onemli-etkinlik-gerceklesecek\\\/#breadcrumb\",\"itemListElement\":[{\"@type\":\"ListItem\",\"position\":1,\"name\":\"Home\",\"item\":\"https:\\\/\\\/www.gugler.com\\\/tr\\\/\"},{\"@type\":\"ListItem\",\"position\":2,\"name\":\"Bu Bahar \u00dc\u00e7 \u00d6nemli Etkinlik Ger\u00e7ekle\u015fecek\"}]},{\"@type\":\"WebSite\",\"@id\":\"https:\\\/\\\/www.gugler.com\\\/#website\",\"url\":\"https:\\\/\\\/www.gugler.com\\\/\",\"name\":\"Gugler Water Turbines\",\"description\":\"Technology for hydropower plants\",\"potentialAction\":[{\"@type\":\"SearchAction\",\"target\":{\"@type\":\"EntryPoint\",\"urlTemplate\":\"https:\\\/\\\/www.gugler.com\\\/?s={search_term_string}\"},\"query-input\":{\"@type\":\"PropertyValueSpecification\",\"valueRequired\":true,\"valueName\":\"search_term_string\"}}],\"inLanguage\":\"tr\"}]}<\/script>\n<!-- \/ Yoast SEO plugin. -->","yoast_head_json":{"title":"Bu Bahar \u00dc\u00e7 \u00d6nemli Etkinlik Ger\u00e7ekle\u015fecek - Gugler Water Turbines","robots":{"index":"index","follow":"follow","max-snippet":"max-snippet:-1","max-image-preview":"max-image-preview:large","max-video-preview":"max-video-preview:-1"},"canonical":"https:\/\/www.gugler.com\/tr\/news\/bu-bahar-uc-onemli-etkinlik-gerceklesecek\/","og_locale":"tr_TR","og_type":"article","og_title":"Bu Bahar \u00dc\u00e7 \u00d6nemli Etkinlik Ger\u00e7ekle\u015fecek - Gugler Water Turbines","og_description":"Bu Nisan ay\u0131nda GUGLER olarak, yenilik\u00e7i hidroelektrik \u00e7\u00f6z\u00fcmlerimizi sergilemek ve temiz enerji sekt\u00f6r uzmanlar\u0131yla ileti\u015fim kurmak i\u00e7in \u00f6nde gelen \u00fc\u00e7 uluslararas\u0131 enerji etkinli\u011fine kat\u0131laca\u011f\u0131z. Norve\u00e7, Kazakistan ve K\u0131rg\u0131zistan&#8217;da d\u00fczenlenecek konferanslarda ekiplerimiz i\u00e7g\u00f6r\u00fclerini payla\u015fmak, yeni ortakl\u0131klar kurmak ve s\u00fcrd\u00fcr\u00fclebilir enerji \u00fcretiminde ger\u00e7ek ilerlemeye katk\u0131da bulunmak i\u00e7in sab\u0131rs\u0131zlan\u0131yor. Bu etkinlikler yaln\u0131zca teknolojilerimizi sunmak i\u00e7in de\u011fil, ayn\u0131 zamanda [&hellip;]","og_url":"https:\/\/www.gugler.com\/tr\/news\/bu-bahar-uc-onemli-etkinlik-gerceklesecek\/","og_site_name":"Gugler Water Turbines","article_modified_time":"2025-08-11T09:32:39+00:00","og_image":[{"width":1106,"height":1358,"url":"https:\/\/www.gugler.com\/wp-content\/uploads\/2025\/03\/20241119_101427372_iOS-Kopie-1-scaled-e1754904569315.webp","type":"image\/jpeg"}],"twitter_card":"summary_large_image","twitter_misc":{"Est. reading time":"3 minutes"},"schema":{"@context":"https:\/\/schema.org","@graph":[{"@type":"WebPage","@id":"https:\/\/www.gugler.com\/tr\/news\/bu-bahar-uc-onemli-etkinlik-gerceklesecek\/","url":"https:\/\/www.gugler.com\/tr\/news\/bu-bahar-uc-onemli-etkinlik-gerceklesecek\/","name":"Bu Bahar \u00dc\u00e7 \u00d6nemli Etkinlik Ger\u00e7ekle\u015fecek - Gugler Water Turbines","isPartOf":{"@id":"https:\/\/www.gugler.com\/#website"},"primaryImageOfPage":{"@id":"https:\/\/www.gugler.com\/tr\/news\/bu-bahar-uc-onemli-etkinlik-gerceklesecek\/#primaryimage"},"image":{"@id":"https:\/\/www.gugler.com\/tr\/news\/bu-bahar-uc-onemli-etkinlik-gerceklesecek\/#primaryimage"},"thumbnailUrl":"https:\/\/www.gugler.com\/wp-content\/uploads\/2025\/03\/20241119_101427372_iOS-Kopie-1-scaled-e1754904569315.webp","datePublished":"2025-03-25T09:12:57+00:00","dateModified":"2025-08-11T09:32:39+00:00","breadcrumb":{"@id":"https:\/\/www.gugler.com\/tr\/news\/bu-bahar-uc-onemli-etkinlik-gerceklesecek\/#breadcrumb"},"inLanguage":"tr","potentialAction":[{"@type":"ReadAction","target":["https:\/\/www.gugler.com\/tr\/news\/bu-bahar-uc-onemli-etkinlik-gerceklesecek\/"]}]},{"@type":"ImageObject","inLanguage":"tr","@id":"https:\/\/www.gugler.com\/tr\/news\/bu-bahar-uc-onemli-etkinlik-gerceklesecek\/#primaryimage","url":"https:\/\/www.gugler.com\/wp-content\/uploads\/2025\/03\/20241119_101427372_iOS-Kopie-1-scaled-e1754904569315.webp","contentUrl":"https:\/\/www.gugler.com\/wp-content\/uploads\/2025\/03\/20241119_101427372_iOS-Kopie-1-scaled-e1754904569315.webp","width":1106,"height":1358},{"@type":"BreadcrumbList","@id":"https:\/\/www.gugler.com\/tr\/news\/bu-bahar-uc-onemli-etkinlik-gerceklesecek\/#breadcrumb","itemListElement":[{"@type":"ListItem","position":1,"name":"Home","item":"https:\/\/www.gugler.com\/tr\/"},{"@type":"ListItem","position":2,"name":"Bu Bahar \u00dc\u00e7 \u00d6nemli Etkinlik Ger\u00e7ekle\u015fecek"}]},{"@type":"WebSite","@id":"https:\/\/www.gugler.com\/#website","url":"https:\/\/www.gugler.com\/","name":"Gugler Water Turbines","description":"Technology for hydropower plants","potentialAction":[{"@type":"SearchAction","target":{"@type":"EntryPoint","urlTemplate":"https:\/\/www.gugler.com\/?s={search_term_string}"},"query-input":{"@type":"PropertyValueSpecification","valueRequired":true,"valueName":"search_term_string"}}],"inLanguage":"tr"}]}},"publishpress_future_action":{"enabled":false,"date":"2026-04-29 14:18:40","action":"delete","newStatus":"draft","terms":[],"taxonomy":"category","extraData":[]},"publishpress_future_workflow_manual_trigger":{"enabledWorkflows":[]},"_links":{"self":[{"href":"https:\/\/www.gugler.com\/tr\/wp-json\/wp\/v2\/news\/17912","targetHints":{"allow":["GET"]}}],"collection":[{"href":"https:\/\/www.gugler.com\/tr\/wp-json\/wp\/v2\/news"}],"about":[{"href":"https:\/\/www.gugler.com\/tr\/wp-json\/wp\/v2\/types\/news"}],"version-history":[{"count":0,"href":"https:\/\/www.gugler.com\/tr\/wp-json\/wp\/v2\/news\/17912\/revisions"}],"wp:featuredmedia":[{"embeddable":true,"href":"https:\/\/www.gugler.com\/tr\/wp-json\/wp\/v2\/media\/16552"}],"wp:attachment":[{"href":"https:\/\/www.gugler.com\/tr\/wp-json\/wp\/v2\/media?parent=17912"}],"wp:term":[{"taxonomy":"category","embeddable":true,"href":"https:\/\/www.gugler.com\/tr\/wp-json\/wp\/v2\/categories?post=17912"}],"curies":[{"name":"wp","href":"https:\/\/api.w.org\/{rel}","templated":true}]}}